{"id":6221,"date":"2025-10-15T12:27:04","date_gmt":"2025-10-15T11:27:04","guid":{"rendered":"https:\/\/diakonie-shg.de\/?p=6221"},"modified":"2025-10-15T12:27:36","modified_gmt":"2025-10-15T11:27:36","slug":"10-jaehriges-dienstjubilaeum-barbara-weissbrich","status":"publish","type":"post","link":"https:\/\/diakonie-shg.de\/de-de\/10-jaehriges-dienstjubilaeum-barbara-weissbrich\/","title":{"rendered":"10-j\u00e4hriges Dienstjubil\u00e4um Barbara Wei\u00dfbrich"},"content":{"rendered":"\n<p><\/p>\n\n\n\n<p>Am 1. Oktober 2025 feierte <strong>Barbara Wei\u00dfbrich<\/strong>, Koordinatorin und Leiterin des <strong>Ambulanten Hospizdienstes Sonnenhof<\/strong>, ihr <strong>10-j\u00e4hriges Dienstjubil\u00e4um<\/strong>.<br>Frau Wei\u00dfbrich begleitet seit vielen Jahren mit gro\u00dfem Engagement und Herz die Arbeit des Hospizdienstes und steht den ehrenamtlichen Mitarbeiterinnen und Mitarbeitern sowie den betreuten Familien mit Rat und Tat zur Seite.<\/p>\n\n\n\n<p>Als Zeichen der Wertsch\u00e4tzung erhielt sie einen Blumenstrau\u00df, \u00fcberreicht von <strong>Frau Groenewald<\/strong>.<\/p>\n\n\n\n<p>Wir danken Frau Wei\u00dfbrich herzlich f\u00fcr ihr langj\u00e4hriges Wirken und ihren wichtigen Beitrag im Dienst am Menschen.<\/p>\n\n\n\n<p><\/p>\n\n\n\n<figure class=\"wp-block-gallery has-nested-images columns-default is-cropped wp-block-gallery-1 is-layout-flex wp-block-gallery-is-layout-flex\"><\/figure>\n\n\n\n<p><\/p>\n","protected":false},"excerpt":{"rendered":"<p>Am 1. Oktober 2025 feierte Barbara Wei\u00dfbrich, Koordinatorin und Leiterin des Ambulanten Hospizdienstes Sonnenhof, ihr 10-j\u00e4hriges Dienstjubil\u00e4um.Frau Wei\u00dfbrich begleitet seit vielen Jahren mit gro\u00dfem Engagement und Herz die Arbeit des Hospizdienstes und steht den ehrenamtlichen Mitarbeiterinnen und Mitarbeitern sowie den betreuten Familien mit Rat und Tat zur Seite. Als Zeichen der Wertsch\u00e4tzung erhielt sie einen [&hellip;]<\/p>\n","protected":false},"author":12,"featured_media":6222,"comment_status":"closed","ping_status":"open","sticky":false,"template":"","format":"standard","meta":{"give_campaign_id":0,"inline_featured_image":false,"footnotes":""},"categories":[61],"tags":[],"class_list":["post-6221","post","type-post","status-publish","format-standard","has-post-thumbnail","hentry","category-hospizdienst"],"yoast_head":"<!-- This site is optimized with the Yoast SEO plugin v27.5 - https:\/\/yoast.com\/product\/yoast-seo-wordpress\/ -->\n<title>10-j\u00e4hriges Dienstjubil\u00e4um Barbara Wei\u00dfbrich - Diakonie Schaumburger Land gGmbH<\/title>\n<meta name=\"robots\" content=\"index, follow, max-snippet:-1, max-image-preview:large, max-video-preview:-1\" \/>\n<link rel=\"canonical\" href=\"https:\/\/diakonie-shg.de\/de-de\/10-jaehriges-dienstjubilaeum-barbara-weissbrich\/\" \/>\n<meta property=\"og:locale\" content=\"de_DE\" \/>\n<meta property=\"og:type\" content=\"article\" \/>\n<meta property=\"og:title\" content=\"10-j\u00e4hriges Dienstjubil\u00e4um Barbara Wei\u00dfbrich - Diakonie Schaumburger Land gGmbH\" \/>\n<meta property=\"og:description\" content=\"Am 1. Oktober 2025 feierte Barbara Wei\u00dfbrich, Koordinatorin und Leiterin des Ambulanten Hospizdienstes Sonnenhof, ihr 10-j\u00e4hriges Dienstjubil\u00e4um.Frau Wei\u00dfbrich begleitet seit vielen Jahren mit gro\u00dfem Engagement und Herz die Arbeit des Hospizdienstes und steht den ehrenamtlichen Mitarbeiterinnen und Mitarbeitern sowie den betreuten Familien mit Rat und Tat zur Seite. Als Zeichen der Wertsch\u00e4tzung erhielt sie einen [&hellip;]\" \/>\n<meta property=\"og:url\" content=\"https:\/\/diakonie-shg.de\/de-de\/10-jaehriges-dienstjubilaeum-barbara-weissbrich\/\" \/>\n<meta property=\"og:site_name\" content=\"Diakonie Schaumburger Land gGmbH\" \/>\n<meta property=\"article:published_time\" content=\"2025-10-15T11:27:04+00:00\" \/>\n<meta property=\"article:modified_time\" content=\"2025-10-15T11:27:36+00:00\" \/>\n<meta property=\"og:image\" content=\"https:\/\/diakonie-shg.de\/wp-content\/uploads\/2025\/10\/Hospizdienst-Barbara-Weissbrich-Jubilaeum.jpg\" \/>\n\t<meta property=\"og:image:width\" content=\"1080\" \/>\n\t<meta property=\"og:image:height\" content=\"1920\" \/>\n\t<meta property=\"og:image:type\" content=\"image\/jpeg\" \/>\n<meta name=\"author\" content=\"Janina Mazur\" \/>\n<meta name=\"twitter:card\" content=\"summary_large_image\" \/>\n<meta name=\"twitter:label1\" content=\"Written by\" \/>\n\t<meta name=\"twitter:data1\" content=\"Janina Mazur\" \/>\n\t<meta name=\"twitter:label2\" content=\"Est. reading time\" \/>\n\t<meta name=\"twitter:data2\" content=\"1 minute\" \/>\n<script type=\"application\/ld+json\" class=\"yoast-schema-graph\">{\"@context\":\"https:\\\/\\\/schema.org\",\"@graph\":[{\"@type\":\"Article\",\"@id\":\"https:\\\/\\\/diakonie-shg.de\\\/de-de\\\/10-jaehriges-dienstjubilaeum-barbara-weissbrich\\\/#article\",\"isPartOf\":{\"@id\":\"https:\\\/\\\/diakonie-shg.de\\\/de-de\\\/10-jaehriges-dienstjubilaeum-barbara-weissbrich\\\/\"},\"author\":{\"name\":\"Janina Mazur\",\"@id\":\"https:\\\/\\\/diakonie-shg.de\\\/de-de\\\/#\\\/schema\\\/person\\\/382c41f8d618f638c13f423d7bff72f1\"},\"headline\":\"10-j\u00e4hriges Dienstjubil\u00e4um Barbara Wei\u00dfbrich\",\"datePublished\":\"2025-10-15T11:27:04+00:00\",\"dateModified\":\"2025-10-15T11:27:36+00:00\",\"mainEntityOfPage\":{\"@id\":\"https:\\\/\\\/diakonie-shg.de\\\/de-de\\\/10-jaehriges-dienstjubilaeum-barbara-weissbrich\\\/\"},\"wordCount\":92,\"publisher\":{\"@id\":\"https:\\\/\\\/diakonie-shg.de\\\/de-de\\\/#organization\"},\"image\":{\"@id\":\"https:\\\/\\\/diakonie-shg.de\\\/de-de\\\/10-jaehriges-dienstjubilaeum-barbara-weissbrich\\\/#primaryimage\"},\"thumbnailUrl\":\"https:\\\/\\\/diakonie-shg.de\\\/wp-content\\\/uploads\\\/2025\\\/10\\\/Hospizdienst-Barbara-Weissbrich-Jubilaeum.jpg\",\"articleSection\":[\"Hospizdienst\"],\"inLanguage\":\"de-LE\"},{\"@type\":\"WebPage\",\"@id\":\"https:\\\/\\\/diakonie-shg.de\\\/de-de\\\/10-jaehriges-dienstjubilaeum-barbara-weissbrich\\\/\",\"url\":\"https:\\\/\\\/diakonie-shg.de\\\/de-de\\\/10-jaehriges-dienstjubilaeum-barbara-weissbrich\\\/\",\"name\":\"10-j\u00e4hriges Dienstjubil\u00e4um Barbara Wei\u00dfbrich - Diakonie Schaumburger Land gGmbH\",\"isPartOf\":{\"@id\":\"https:\\\/\\\/diakonie-shg.de\\\/de-de\\\/#website\"},\"primaryImageOfPage\":{\"@id\":\"https:\\\/\\\/diakonie-shg.de\\\/de-de\\\/10-jaehriges-dienstjubilaeum-barbara-weissbrich\\\/#primaryimage\"},\"image\":{\"@id\":\"https:\\\/\\\/diakonie-shg.de\\\/de-de\\\/10-jaehriges-dienstjubilaeum-barbara-weissbrich\\\/#primaryimage\"},\"thumbnailUrl\":\"https:\\\/\\\/diakonie-shg.de\\\/wp-content\\\/uploads\\\/2025\\\/10\\\/Hospizdienst-Barbara-Weissbrich-Jubilaeum.jpg\",\"datePublished\":\"2025-10-15T11:27:04+00:00\",\"dateModified\":\"2025-10-15T11:27:36+00:00\",\"breadcrumb\":{\"@id\":\"https:\\\/\\\/diakonie-shg.de\\\/de-de\\\/10-jaehriges-dienstjubilaeum-barbara-weissbrich\\\/#breadcrumb\"},\"inLanguage\":\"de-LE\",\"potentialAction\":[{\"@type\":\"ReadAction\",\"target\":[\"https:\\\/\\\/diakonie-shg.de\\\/de-de\\\/10-jaehriges-dienstjubilaeum-barbara-weissbrich\\\/\"]}]},{\"@type\":\"ImageObject\",\"inLanguage\":\"de-LE\",\"@id\":\"https:\\\/\\\/diakonie-shg.de\\\/de-de\\\/10-jaehriges-dienstjubilaeum-barbara-weissbrich\\\/#primaryimage\",\"url\":\"https:\\\/\\\/diakonie-shg.de\\\/wp-content\\\/uploads\\\/2025\\\/10\\\/Hospizdienst-Barbara-Weissbrich-Jubilaeum.jpg\",\"contentUrl\":\"https:\\\/\\\/diakonie-shg.de\\\/wp-content\\\/uploads\\\/2025\\\/10\\\/Hospizdienst-Barbara-Weissbrich-Jubilaeum.jpg\",\"width\":1080,\"height\":1920},{\"@type\":\"BreadcrumbList\",\"@id\":\"https:\\\/\\\/diakonie-shg.de\\\/de-de\\\/10-jaehriges-dienstjubilaeum-barbara-weissbrich\\\/#breadcrumb\",\"itemListElement\":[{\"@type\":\"ListItem\",\"position\":1,\"name\":\"Startseite\",\"item\":\"https:\\\/\\\/diakonie-shg.de\\\/de-de\\\/\"},{\"@type\":\"ListItem\",\"position\":2,\"name\":\"10-j\u00e4hriges Dienstjubil\u00e4um Barbara Wei\u00dfbrich\"}]},{\"@type\":\"WebSite\",\"@id\":\"https:\\\/\\\/diakonie-shg.de\\\/de-de\\\/#website\",\"url\":\"https:\\\/\\\/diakonie-shg.de\\\/de-de\\\/\",\"name\":\"Diakonie Schaumburger Land gGmbH\",\"description\":\"Zusammenschluss von vier diakonischen Schaumburger Pflegeeinrichtungen\",\"publisher\":{\"@id\":\"https:\\\/\\\/diakonie-shg.de\\\/de-de\\\/#organization\"},\"potentialAction\":[{\"@type\":\"SearchAction\",\"target\":{\"@type\":\"EntryPoint\",\"urlTemplate\":\"https:\\\/\\\/diakonie-shg.de\\\/de-de\\\/?s={search_term_string}\"},\"query-input\":{\"@type\":\"PropertyValueSpecification\",\"valueRequired\":true,\"valueName\":\"search_term_string\"}}],\"inLanguage\":\"de-LE\"},{\"@type\":\"Organization\",\"@id\":\"https:\\\/\\\/diakonie-shg.de\\\/de-de\\\/#organization\",\"name\":\"Diakonie Schaumburger Land gGmbH\",\"url\":\"https:\\\/\\\/diakonie-shg.de\\\/de-de\\\/\",\"logo\":{\"@type\":\"ImageObject\",\"inLanguage\":\"de-LE\",\"@id\":\"https:\\\/\\\/diakonie-shg.de\\\/de-de\\\/#\\\/schema\\\/logo\\\/image\\\/\",\"url\":\"https:\\\/\\\/diakonie-shg.de\\\/wp-content\\\/uploads\\\/2024\\\/09\\\/20230105_Logo_Holding.svg\",\"contentUrl\":\"https:\\\/\\\/diakonie-shg.de\\\/wp-content\\\/uploads\\\/2024\\\/09\\\/20230105_Logo_Holding.svg\",\"width\":\"1024\",\"height\":\"1024\",\"caption\":\"Diakonie Schaumburger Land gGmbH\"},\"image\":{\"@id\":\"https:\\\/\\\/diakonie-shg.de\\\/de-de\\\/#\\\/schema\\\/logo\\\/image\\\/\"}},{\"@type\":\"Person\",\"@id\":\"https:\\\/\\\/diakonie-shg.de\\\/de-de\\\/#\\\/schema\\\/person\\\/382c41f8d618f638c13f423d7bff72f1\",\"name\":\"Janina Mazur\"}]}<\/script>\n<!-- \/ Yoast SEO plugin. -->","yoast_head_json":{"title":"10-j\u00e4hriges Dienstjubil\u00e4um Barbara Wei\u00dfbrich - Diakonie Schaumburger Land gGmbH","robots":{"index":"index","follow":"follow","max-snippet":"max-snippet:-1","max-image-preview":"max-image-preview:large","max-video-preview":"max-video-preview:-1"},"canonical":"https:\/\/diakonie-shg.de\/de-de\/10-jaehriges-dienstjubilaeum-barbara-weissbrich\/","og_locale":"de_DE","og_type":"article","og_title":"10-j\u00e4hriges Dienstjubil\u00e4um Barbara Wei\u00dfbrich - Diakonie Schaumburger Land gGmbH","og_description":"Am 1. Oktober 2025 feierte Barbara Wei\u00dfbrich, Koordinatorin und Leiterin des Ambulanten Hospizdienstes Sonnenhof, ihr 10-j\u00e4hriges Dienstjubil\u00e4um.Frau Wei\u00dfbrich begleitet seit vielen Jahren mit gro\u00dfem Engagement und Herz die Arbeit des Hospizdienstes und steht den ehrenamtlichen Mitarbeiterinnen und Mitarbeitern sowie den betreuten Familien mit Rat und Tat zur Seite. Als Zeichen der Wertsch\u00e4tzung erhielt sie einen [&hellip;]","og_url":"https:\/\/diakonie-shg.de\/de-de\/10-jaehriges-dienstjubilaeum-barbara-weissbrich\/","og_site_name":"Diakonie Schaumburger Land gGmbH","article_published_time":"2025-10-15T11:27:04+00:00","article_modified_time":"2025-10-15T11:27:36+00:00","og_image":[{"width":1080,"height":1920,"url":"https:\/\/diakonie-shg.de\/wp-content\/uploads\/2025\/10\/Hospizdienst-Barbara-Weissbrich-Jubilaeum.jpg","type":"image\/jpeg"}],"author":"Janina Mazur","twitter_card":"summary_large_image","twitter_misc":{"Written by":"Janina Mazur","Est. reading time":"1 minute"},"schema":{"@context":"https:\/\/schema.org","@graph":[{"@type":"Article","@id":"https:\/\/diakonie-shg.de\/de-de\/10-jaehriges-dienstjubilaeum-barbara-weissbrich\/#article","isPartOf":{"@id":"https:\/\/diakonie-shg.de\/de-de\/10-jaehriges-dienstjubilaeum-barbara-weissbrich\/"},"author":{"name":"Janina Mazur","@id":"https:\/\/diakonie-shg.de\/de-de\/#\/schema\/person\/382c41f8d618f638c13f423d7bff72f1"},"headline":"10-j\u00e4hriges Dienstjubil\u00e4um Barbara Wei\u00dfbrich","datePublished":"2025-10-15T11:27:04+00:00","dateModified":"2025-10-15T11:27:36+00:00","mainEntityOfPage":{"@id":"https:\/\/diakonie-shg.de\/de-de\/10-jaehriges-dienstjubilaeum-barbara-weissbrich\/"},"wordCount":92,"publisher":{"@id":"https:\/\/diakonie-shg.de\/de-de\/#organization"},"image":{"@id":"https:\/\/diakonie-shg.de\/de-de\/10-jaehriges-dienstjubilaeum-barbara-weissbrich\/#primaryimage"},"thumbnailUrl":"https:\/\/diakonie-shg.de\/wp-content\/uploads\/2025\/10\/Hospizdienst-Barbara-Weissbrich-Jubilaeum.jpg","articleSection":["Hospizdienst"],"inLanguage":"de-LE"},{"@type":"WebPage","@id":"https:\/\/diakonie-shg.de\/de-de\/10-jaehriges-dienstjubilaeum-barbara-weissbrich\/","url":"https:\/\/diakonie-shg.de\/de-de\/10-jaehriges-dienstjubilaeum-barbara-weissbrich\/","name":"10-j\u00e4hriges Dienstjubil\u00e4um Barbara Wei\u00dfbrich - Diakonie Schaumburger Land gGmbH","isPartOf":{"@id":"https:\/\/diakonie-shg.de\/de-de\/#website"},"primaryImageOfPage":{"@id":"https:\/\/diakonie-shg.de\/de-de\/10-jaehriges-dienstjubilaeum-barbara-weissbrich\/#primaryimage"},"image":{"@id":"https:\/\/diakonie-shg.de\/de-de\/10-jaehriges-dienstjubilaeum-barbara-weissbrich\/#primaryimage"},"thumbnailUrl":"https:\/\/diakonie-shg.de\/wp-content\/uploads\/2025\/10\/Hospizdienst-Barbara-Weissbrich-Jubilaeum.jpg","datePublished":"2025-10-15T11:27:04+00:00","dateModified":"2025-10-15T11:27:36+00:00","breadcrumb":{"@id":"https:\/\/diakonie-shg.de\/de-de\/10-jaehriges-dienstjubilaeum-barbara-weissbrich\/#breadcrumb"},"inLanguage":"de-LE","potentialAction":[{"@type":"ReadAction","target":["https:\/\/diakonie-shg.de\/de-de\/10-jaehriges-dienstjubilaeum-barbara-weissbrich\/"]}]},{"@type":"ImageObject","inLanguage":"de-LE","@id":"https:\/\/diakonie-shg.de\/de-de\/10-jaehriges-dienstjubilaeum-barbara-weissbrich\/#primaryimage","url":"https:\/\/diakonie-shg.de\/wp-content\/uploads\/2025\/10\/Hospizdienst-Barbara-Weissbrich-Jubilaeum.jpg","contentUrl":"https:\/\/diakonie-shg.de\/wp-content\/uploads\/2025\/10\/Hospizdienst-Barbara-Weissbrich-Jubilaeum.jpg","width":1080,"height":1920},{"@type":"BreadcrumbList","@id":"https:\/\/diakonie-shg.de\/de-de\/10-jaehriges-dienstjubilaeum-barbara-weissbrich\/#breadcrumb","itemListElement":[{"@type":"ListItem","position":1,"name":"Startseite","item":"https:\/\/diakonie-shg.de\/de-de\/"},{"@type":"ListItem","position":2,"name":"10-j\u00e4hriges Dienstjubil\u00e4um Barbara Wei\u00dfbrich"}]},{"@type":"WebSite","@id":"https:\/\/diakonie-shg.de\/de-de\/#website","url":"https:\/\/diakonie-shg.de\/de-de\/","name":"Diakonie Schaumburger Land gGmbH","description":"Zusammenschluss von vier diakonischen Schaumburger Pflegeeinrichtungen","publisher":{"@id":"https:\/\/diakonie-shg.de\/de-de\/#organization"},"potentialAction":[{"@type":"SearchAction","target":{"@type":"EntryPoint","urlTemplate":"https:\/\/diakonie-shg.de\/de-de\/?s={search_term_string}"},"query-input":{"@type":"PropertyValueSpecification","valueRequired":true,"valueName":"search_term_string"}}],"inLanguage":"de-LE"},{"@type":"Organization","@id":"https:\/\/diakonie-shg.de\/de-de\/#organization","name":"Diakonie Schaumburger Land gGmbH","url":"https:\/\/diakonie-shg.de\/de-de\/","logo":{"@type":"ImageObject","inLanguage":"de-LE","@id":"https:\/\/diakonie-shg.de\/de-de\/#\/schema\/logo\/image\/","url":"https:\/\/diakonie-shg.de\/wp-content\/uploads\/2024\/09\/20230105_Logo_Holding.svg","contentUrl":"https:\/\/diakonie-shg.de\/wp-content\/uploads\/2024\/09\/20230105_Logo_Holding.svg","width":"1024","height":"1024","caption":"Diakonie Schaumburger Land gGmbH"},"image":{"@id":"https:\/\/diakonie-shg.de\/de-de\/#\/schema\/logo\/image\/"}},{"@type":"Person","@id":"https:\/\/diakonie-shg.de\/de-de\/#\/schema\/person\/382c41f8d618f638c13f423d7bff72f1","name":"Janina Mazur"}]}},"_links":{"self":[{"href":"https:\/\/diakonie-shg.de\/de-de\/wp-json\/wp\/v2\/posts\/6221","targetHints":{"allow":["GET"]}}],"collection":[{"href":"https:\/\/diakonie-shg.de\/de-de\/wp-json\/wp\/v2\/posts"}],"about":[{"href":"https:\/\/diakonie-shg.de\/de-de\/wp-json\/wp\/v2\/types\/post"}],"author":[{"embeddable":true,"href":"https:\/\/diakonie-shg.de\/de-de\/wp-json\/wp\/v2\/users\/12"}],"replies":[{"embeddable":true,"href":"https:\/\/diakonie-shg.de\/de-de\/wp-json\/wp\/v2\/comments?post=6221"}],"version-history":[{"count":4,"href":"https:\/\/diakonie-shg.de\/de-de\/wp-json\/wp\/v2\/posts\/6221\/revisions"}],"predecessor-version":[{"id":6231,"href":"https:\/\/diakonie-shg.de\/de-de\/wp-json\/wp\/v2\/posts\/6221\/revisions\/6231"}],"wp:featuredmedia":[{"embeddable":true,"href":"https:\/\/diakonie-shg.de\/de-de\/wp-json\/wp\/v2\/media\/6222"}],"wp:attachment":[{"href":"https:\/\/diakonie-shg.de\/de-de\/wp-json\/wp\/v2\/media?parent=6221"}],"wp:term":[{"taxonomy":"category","embeddable":true,"href":"https:\/\/diakonie-shg.de\/de-de\/wp-json\/wp\/v2\/categories?post=6221"},{"taxonomy":"post_tag","embeddable":true,"href":"https:\/\/diakonie-shg.de\/de-de\/wp-json\/wp\/v2\/tags?post=6221"}],"curies":[{"name":"wp","href":"https:\/\/api.w.org\/{rel}","templated":true}]}}