{"id":5667,"date":"2025-06-02T09:44:25","date_gmt":"2025-06-02T08:44:25","guid":{"rendered":"https:\/\/diakonie-shg.de\/?p=5667"},"modified":"2025-06-02T09:45:03","modified_gmt":"2025-06-02T08:45:03","slug":"wir-feiern-20jaehriges-jubilaeum-unseres-hospizdienstes","status":"publish","type":"post","link":"https:\/\/diakonie-shg.de\/de-de\/wir-feiern-20jaehriges-jubilaeum-unseres-hospizdienstes\/","title":{"rendered":"Wir feiern 20j\u00e4hriges Jubil\u00e4um unseres  Hospizdienstes"},"content":{"rendered":"\n<p><\/p>\n\n\n\n<p>Am 15. M\u00e4rz 2025 unternahm eine Gruppe ehrenamtlich Mitarbeitende und die Koordinatorin Barbara Wei\u00dfbrich aus Anlass des 20j\u00e4hrigen Jubil\u00e4ums eine Tagesfahrt nach Celle. Neben einer unterhaltsamen\u00a0 F\u00fchrung Im Celler Schloss und einer anschlie\u00dfenden Stadtf\u00fchrung durch die von Fachwerkh\u00e4usern gepr\u00e4gte Innenstadt standen vor allem Erinnerungen an die vergangenen Jahre des Dienstes im Mittelpunkt.<\/p>\n\n\n\n<p><\/p>\n\n\n\n<p>Der ambulante Hospizdienst Obernkirchen, Auetal und Umgebung entwickelte sich im Laufe der Jahre von der anf\u00e4nglich rein ehrenamtlich getragenen Hospizarbeit in einen Dienst mit einer hauptamtlichen Koordinatorin. <\/p>\n\n\n\n<p>Unsere Ehrenamtliche begleiten und unterst\u00fctzen Menschen mit einer fortschreitenden Erkrankung und deren Angeh\u00f6rige im eigenen Zuhause, in Pflegeheimen und Krankenh\u00e4usern.\u00a0 Die Basis der Begleitung sind dabei die W\u00fcnsche der Begleiteten f\u00fcr die letzte Lebenszeit, in der die Ehrenamtlichen sich f\u00fcr sie Zeit nehmen und als zuverl\u00e4ssige Gespr\u00e4chspartner \u2013 auch als Trauerbegleitung &#8211; zur Verf\u00fcgung stehen.<\/p>\n\n\n\n<p><\/p>\n\n\n\n<p>Gerne stehen wir bei weiteren R\u00fcckfragen f\u00fcr Sie pers\u00f6nlich zur Verf\u00fcgung. Bitte schauen Sie hier: <a href=\"https:\/\/diakonie-shg.de\/leistungen-ueberblick-ueber-unsere-einrichtungen\/pflege-und-gesundheit\/ambulanter-hospizdienst\/\">https:\/\/diakonie-shg.de\/leistungen-ueberblick-ueber-unsere-einrichtungen\/pflege-und-gesundheit\/ambulanter-hospizdienst\/<\/a><\/p>\n\n\n\n<figure class=\"wp-block-gallery has-nested-images columns-default is-cropped wp-block-gallery-1 is-layout-flex wp-block-gallery-is-layout-flex\">\n<figure class=\"wp-block-image size-large\"><img loading=\"lazy\" decoding=\"async\" width=\"768\" height=\"1024\" data-id=\"5670\" src=\"https:\/\/diakonie-shg.de\/wp-content\/uploads\/2025\/06\/20250315_162755-768x1024.jpg\" alt=\"\" class=\"wp-image-5670\" srcset=\"https:\/\/diakonie-shg.de\/wp-content\/uploads\/2025\/06\/20250315_162755-768x1024.jpg 768w, https:\/\/diakonie-shg.de\/wp-content\/uploads\/2025\/06\/20250315_162755-300x400.jpg 300w, https:\/\/diakonie-shg.de\/wp-content\/uploads\/2025\/06\/20250315_162755-1152x1536.jpg 1152w, https:\/\/diakonie-shg.de\/wp-content\/uploads\/2025\/06\/20250315_162755-600x800.jpg 600w, https:\/\/diakonie-shg.de\/wp-content\/uploads\/2025\/06\/20250315_162755.jpg 1440w\" sizes=\"auto, (max-width: 768px) 100vw, 768px\" \/><figcaption class=\"wp-element-caption\"><strong>Angela Stiepermann, Wilhelm Meinberg, Barbara Wei\u00dfbrich<\/strong> v.l.<\/figcaption><\/figure>\n\n\n\n<figure class=\"wp-block-image size-large\"><img loading=\"lazy\" decoding=\"async\" width=\"460\" height=\"685\" data-id=\"5672\" src=\"https:\/\/diakonie-shg.de\/wp-content\/uploads\/2025\/06\/Ausflug-des-Hospizdienstes-20j.-Jubilaeum.jpg\" alt=\"\" class=\"wp-image-5672\" srcset=\"https:\/\/diakonie-shg.de\/wp-content\/uploads\/2025\/06\/Ausflug-des-Hospizdienstes-20j.-Jubilaeum.jpg 460w, https:\/\/diakonie-shg.de\/wp-content\/uploads\/2025\/06\/Ausflug-des-Hospizdienstes-20j.-Jubilaeum-269x400.jpg 269w\" sizes=\"auto, (max-width: 460px) 100vw, 460px\" \/><\/figure>\n<\/figure>\n\n\n\n<p><\/p>\n","protected":false},"excerpt":{"rendered":"<p>Am 15. M\u00e4rz 2025 unternahm eine Gruppe ehrenamtlich Mitarbeitende und die Koordinatorin Barbara Wei\u00dfbrich aus Anlass des 20j\u00e4hrigen Jubil\u00e4ums eine Tagesfahrt nach Celle. Neben einer unterhaltsamen\u00a0 F\u00fchrung Im Celler Schloss und einer anschlie\u00dfenden Stadtf\u00fchrung durch die von Fachwerkh\u00e4usern gepr\u00e4gte Innenstadt standen vor allem Erinnerungen an die vergangenen Jahre des Dienstes im Mittelpunkt. Der ambulante Hospizdienst [&hellip;]<\/p>\n","protected":false},"author":12,"featured_media":5668,"comment_status":"closed","ping_status":"open","sticky":false,"template":"","format":"standard","meta":{"give_campaign_id":0,"inline_featured_image":false,"footnotes":""},"categories":[61],"tags":[],"class_list":["post-5667","post","type-post","status-publish","format-standard","has-post-thumbnail","hentry","category-hospizdienst"],"yoast_head":"<!-- This site is optimized with the Yoast SEO plugin v27.5 - https:\/\/yoast.com\/product\/yoast-seo-wordpress\/ -->\n<title>Wir feiern 20j\u00e4hriges Jubil\u00e4um unseres Hospizdienstes - Diakonie Schaumburger Land gGmbH<\/title>\n<meta name=\"robots\" content=\"index, follow, max-snippet:-1, max-image-preview:large, max-video-preview:-1\" \/>\n<link rel=\"canonical\" href=\"https:\/\/diakonie-shg.de\/de-de\/wir-feiern-20jaehriges-jubilaeum-unseres-hospizdienstes\/\" \/>\n<meta property=\"og:locale\" content=\"de_DE\" \/>\n<meta property=\"og:type\" content=\"article\" \/>\n<meta property=\"og:title\" content=\"Wir feiern 20j\u00e4hriges Jubil\u00e4um unseres Hospizdienstes - Diakonie Schaumburger Land gGmbH\" \/>\n<meta property=\"og:description\" content=\"Am 15. M\u00e4rz 2025 unternahm eine Gruppe ehrenamtlich Mitarbeitende und die Koordinatorin Barbara Wei\u00dfbrich aus Anlass des 20j\u00e4hrigen Jubil\u00e4ums eine Tagesfahrt nach Celle. Neben einer unterhaltsamen\u00a0 F\u00fchrung Im Celler Schloss und einer anschlie\u00dfenden Stadtf\u00fchrung durch die von Fachwerkh\u00e4usern gepr\u00e4gte Innenstadt standen vor allem Erinnerungen an die vergangenen Jahre des Dienstes im Mittelpunkt. Der ambulante Hospizdienst [&hellip;]\" \/>\n<meta property=\"og:url\" content=\"https:\/\/diakonie-shg.de\/de-de\/wir-feiern-20jaehriges-jubilaeum-unseres-hospizdienstes\/\" \/>\n<meta property=\"og:site_name\" content=\"Diakonie Schaumburger Land gGmbH\" \/>\n<meta property=\"article:published_time\" content=\"2025-06-02T08:44:25+00:00\" \/>\n<meta property=\"article:modified_time\" content=\"2025-06-02T08:45:03+00:00\" \/>\n<meta property=\"og:image\" content=\"https:\/\/diakonie-shg.de\/wp-content\/uploads\/2025\/06\/IMG-20250325-WA0008.jpg\" \/>\n\t<meta property=\"og:image:width\" content=\"2048\" \/>\n\t<meta property=\"og:image:height\" content=\"1506\" \/>\n\t<meta property=\"og:image:type\" content=\"image\/jpeg\" \/>\n<meta name=\"author\" content=\"Janina Mazur\" \/>\n<meta name=\"twitter:card\" content=\"summary_large_image\" \/>\n<meta name=\"twitter:label1\" content=\"Written by\" \/>\n\t<meta name=\"twitter:data1\" content=\"Janina Mazur\" \/>\n\t<meta name=\"twitter:label2\" content=\"Est. reading time\" \/>\n\t<meta name=\"twitter:data2\" content=\"2 minutes\" \/>\n<script type=\"application\/ld+json\" class=\"yoast-schema-graph\">{\"@context\":\"https:\\\/\\\/schema.org\",\"@graph\":[{\"@type\":\"Article\",\"@id\":\"https:\\\/\\\/diakonie-shg.de\\\/de-de\\\/wir-feiern-20jaehriges-jubilaeum-unseres-hospizdienstes\\\/#article\",\"isPartOf\":{\"@id\":\"https:\\\/\\\/diakonie-shg.de\\\/de-de\\\/wir-feiern-20jaehriges-jubilaeum-unseres-hospizdienstes\\\/\"},\"author\":{\"name\":\"Janina Mazur\",\"@id\":\"https:\\\/\\\/diakonie-shg.de\\\/de-de\\\/#\\\/schema\\\/person\\\/382c41f8d618f638c13f423d7bff72f1\"},\"headline\":\"Wir feiern 20j\u00e4hriges Jubil\u00e4um unseres Hospizdienstes\",\"datePublished\":\"2025-06-02T08:44:25+00:00\",\"dateModified\":\"2025-06-02T08:45:03+00:00\",\"mainEntityOfPage\":{\"@id\":\"https:\\\/\\\/diakonie-shg.de\\\/de-de\\\/wir-feiern-20jaehriges-jubilaeum-unseres-hospizdienstes\\\/\"},\"wordCount\":192,\"publisher\":{\"@id\":\"https:\\\/\\\/diakonie-shg.de\\\/de-de\\\/#organization\"},\"image\":{\"@id\":\"https:\\\/\\\/diakonie-shg.de\\\/de-de\\\/wir-feiern-20jaehriges-jubilaeum-unseres-hospizdienstes\\\/#primaryimage\"},\"thumbnailUrl\":\"https:\\\/\\\/diakonie-shg.de\\\/wp-content\\\/uploads\\\/2025\\\/06\\\/IMG-20250325-WA0008.jpg\",\"articleSection\":[\"Hospizdienst\"],\"inLanguage\":\"de-LE\"},{\"@type\":\"WebPage\",\"@id\":\"https:\\\/\\\/diakonie-shg.de\\\/de-de\\\/wir-feiern-20jaehriges-jubilaeum-unseres-hospizdienstes\\\/\",\"url\":\"https:\\\/\\\/diakonie-shg.de\\\/de-de\\\/wir-feiern-20jaehriges-jubilaeum-unseres-hospizdienstes\\\/\",\"name\":\"Wir feiern 20j\u00e4hriges Jubil\u00e4um unseres Hospizdienstes - Diakonie Schaumburger Land gGmbH\",\"isPartOf\":{\"@id\":\"https:\\\/\\\/diakonie-shg.de\\\/de-de\\\/#website\"},\"primaryImageOfPage\":{\"@id\":\"https:\\\/\\\/diakonie-shg.de\\\/de-de\\\/wir-feiern-20jaehriges-jubilaeum-unseres-hospizdienstes\\\/#primaryimage\"},\"image\":{\"@id\":\"https:\\\/\\\/diakonie-shg.de\\\/de-de\\\/wir-feiern-20jaehriges-jubilaeum-unseres-hospizdienstes\\\/#primaryimage\"},\"thumbnailUrl\":\"https:\\\/\\\/diakonie-shg.de\\\/wp-content\\\/uploads\\\/2025\\\/06\\\/IMG-20250325-WA0008.jpg\",\"datePublished\":\"2025-06-02T08:44:25+00:00\",\"dateModified\":\"2025-06-02T08:45:03+00:00\",\"breadcrumb\":{\"@id\":\"https:\\\/\\\/diakonie-shg.de\\\/de-de\\\/wir-feiern-20jaehriges-jubilaeum-unseres-hospizdienstes\\\/#breadcrumb\"},\"inLanguage\":\"de-LE\",\"potentialAction\":[{\"@type\":\"ReadAction\",\"target\":[\"https:\\\/\\\/diakonie-shg.de\\\/de-de\\\/wir-feiern-20jaehriges-jubilaeum-unseres-hospizdienstes\\\/\"]}]},{\"@type\":\"ImageObject\",\"inLanguage\":\"de-LE\",\"@id\":\"https:\\\/\\\/diakonie-shg.de\\\/de-de\\\/wir-feiern-20jaehriges-jubilaeum-unseres-hospizdienstes\\\/#primaryimage\",\"url\":\"https:\\\/\\\/diakonie-shg.de\\\/wp-content\\\/uploads\\\/2025\\\/06\\\/IMG-20250325-WA0008.jpg\",\"contentUrl\":\"https:\\\/\\\/diakonie-shg.de\\\/wp-content\\\/uploads\\\/2025\\\/06\\\/IMG-20250325-WA0008.jpg\",\"width\":2048,\"height\":1506,\"caption\":\"hospizdienst\"},{\"@type\":\"BreadcrumbList\",\"@id\":\"https:\\\/\\\/diakonie-shg.de\\\/de-de\\\/wir-feiern-20jaehriges-jubilaeum-unseres-hospizdienstes\\\/#breadcrumb\",\"itemListElement\":[{\"@type\":\"ListItem\",\"position\":1,\"name\":\"Startseite\",\"item\":\"https:\\\/\\\/diakonie-shg.de\\\/de-de\\\/\"},{\"@type\":\"ListItem\",\"position\":2,\"name\":\"Wir feiern 20j\u00e4hriges Jubil\u00e4um unseres Hospizdienstes\"}]},{\"@type\":\"WebSite\",\"@id\":\"https:\\\/\\\/diakonie-shg.de\\\/de-de\\\/#website\",\"url\":\"https:\\\/\\\/diakonie-shg.de\\\/de-de\\\/\",\"name\":\"Diakonie Schaumburger Land gGmbH\",\"description\":\"Zusammenschluss von vier diakonischen Schaumburger Pflegeeinrichtungen\",\"publisher\":{\"@id\":\"https:\\\/\\\/diakonie-shg.de\\\/de-de\\\/#organization\"},\"potentialAction\":[{\"@type\":\"SearchAction\",\"target\":{\"@type\":\"EntryPoint\",\"urlTemplate\":\"https:\\\/\\\/diakonie-shg.de\\\/de-de\\\/?s={search_term_string}\"},\"query-input\":{\"@type\":\"PropertyValueSpecification\",\"valueRequired\":true,\"valueName\":\"search_term_string\"}}],\"inLanguage\":\"de-LE\"},{\"@type\":\"Organization\",\"@id\":\"https:\\\/\\\/diakonie-shg.de\\\/de-de\\\/#organization\",\"name\":\"Diakonie Schaumburger Land gGmbH\",\"url\":\"https:\\\/\\\/diakonie-shg.de\\\/de-de\\\/\",\"logo\":{\"@type\":\"ImageObject\",\"inLanguage\":\"de-LE\",\"@id\":\"https:\\\/\\\/diakonie-shg.de\\\/de-de\\\/#\\\/schema\\\/logo\\\/image\\\/\",\"url\":\"https:\\\/\\\/diakonie-shg.de\\\/wp-content\\\/uploads\\\/2024\\\/09\\\/20230105_Logo_Holding.svg\",\"contentUrl\":\"https:\\\/\\\/diakonie-shg.de\\\/wp-content\\\/uploads\\\/2024\\\/09\\\/20230105_Logo_Holding.svg\",\"width\":\"1024\",\"height\":\"1024\",\"caption\":\"Diakonie Schaumburger Land gGmbH\"},\"image\":{\"@id\":\"https:\\\/\\\/diakonie-shg.de\\\/de-de\\\/#\\\/schema\\\/logo\\\/image\\\/\"}},{\"@type\":\"Person\",\"@id\":\"https:\\\/\\\/diakonie-shg.de\\\/de-de\\\/#\\\/schema\\\/person\\\/382c41f8d618f638c13f423d7bff72f1\",\"name\":\"Janina Mazur\"}]}<\/script>\n<!-- \/ Yoast SEO plugin. -->","yoast_head_json":{"title":"Wir feiern 20j\u00e4hriges Jubil\u00e4um unseres Hospizdienstes - Diakonie Schaumburger Land gGmbH","robots":{"index":"index","follow":"follow","max-snippet":"max-snippet:-1","max-image-preview":"max-image-preview:large","max-video-preview":"max-video-preview:-1"},"canonical":"https:\/\/diakonie-shg.de\/de-de\/wir-feiern-20jaehriges-jubilaeum-unseres-hospizdienstes\/","og_locale":"de_DE","og_type":"article","og_title":"Wir feiern 20j\u00e4hriges Jubil\u00e4um unseres Hospizdienstes - Diakonie Schaumburger Land gGmbH","og_description":"Am 15. M\u00e4rz 2025 unternahm eine Gruppe ehrenamtlich Mitarbeitende und die Koordinatorin Barbara Wei\u00dfbrich aus Anlass des 20j\u00e4hrigen Jubil\u00e4ums eine Tagesfahrt nach Celle. Neben einer unterhaltsamen\u00a0 F\u00fchrung Im Celler Schloss und einer anschlie\u00dfenden Stadtf\u00fchrung durch die von Fachwerkh\u00e4usern gepr\u00e4gte Innenstadt standen vor allem Erinnerungen an die vergangenen Jahre des Dienstes im Mittelpunkt. Der ambulante Hospizdienst [&hellip;]","og_url":"https:\/\/diakonie-shg.de\/de-de\/wir-feiern-20jaehriges-jubilaeum-unseres-hospizdienstes\/","og_site_name":"Diakonie Schaumburger Land gGmbH","article_published_time":"2025-06-02T08:44:25+00:00","article_modified_time":"2025-06-02T08:45:03+00:00","og_image":[{"width":2048,"height":1506,"url":"https:\/\/diakonie-shg.de\/wp-content\/uploads\/2025\/06\/IMG-20250325-WA0008.jpg","type":"image\/jpeg"}],"author":"Janina Mazur","twitter_card":"summary_large_image","twitter_misc":{"Written by":"Janina Mazur","Est. reading time":"2 minutes"},"schema":{"@context":"https:\/\/schema.org","@graph":[{"@type":"Article","@id":"https:\/\/diakonie-shg.de\/de-de\/wir-feiern-20jaehriges-jubilaeum-unseres-hospizdienstes\/#article","isPartOf":{"@id":"https:\/\/diakonie-shg.de\/de-de\/wir-feiern-20jaehriges-jubilaeum-unseres-hospizdienstes\/"},"author":{"name":"Janina Mazur","@id":"https:\/\/diakonie-shg.de\/de-de\/#\/schema\/person\/382c41f8d618f638c13f423d7bff72f1"},"headline":"Wir feiern 20j\u00e4hriges Jubil\u00e4um unseres Hospizdienstes","datePublished":"2025-06-02T08:44:25+00:00","dateModified":"2025-06-02T08:45:03+00:00","mainEntityOfPage":{"@id":"https:\/\/diakonie-shg.de\/de-de\/wir-feiern-20jaehriges-jubilaeum-unseres-hospizdienstes\/"},"wordCount":192,"publisher":{"@id":"https:\/\/diakonie-shg.de\/de-de\/#organization"},"image":{"@id":"https:\/\/diakonie-shg.de\/de-de\/wir-feiern-20jaehriges-jubilaeum-unseres-hospizdienstes\/#primaryimage"},"thumbnailUrl":"https:\/\/diakonie-shg.de\/wp-content\/uploads\/2025\/06\/IMG-20250325-WA0008.jpg","articleSection":["Hospizdienst"],"inLanguage":"de-LE"},{"@type":"WebPage","@id":"https:\/\/diakonie-shg.de\/de-de\/wir-feiern-20jaehriges-jubilaeum-unseres-hospizdienstes\/","url":"https:\/\/diakonie-shg.de\/de-de\/wir-feiern-20jaehriges-jubilaeum-unseres-hospizdienstes\/","name":"Wir feiern 20j\u00e4hriges Jubil\u00e4um unseres Hospizdienstes - Diakonie Schaumburger Land gGmbH","isPartOf":{"@id":"https:\/\/diakonie-shg.de\/de-de\/#website"},"primaryImageOfPage":{"@id":"https:\/\/diakonie-shg.de\/de-de\/wir-feiern-20jaehriges-jubilaeum-unseres-hospizdienstes\/#primaryimage"},"image":{"@id":"https:\/\/diakonie-shg.de\/de-de\/wir-feiern-20jaehriges-jubilaeum-unseres-hospizdienstes\/#primaryimage"},"thumbnailUrl":"https:\/\/diakonie-shg.de\/wp-content\/uploads\/2025\/06\/IMG-20250325-WA0008.jpg","datePublished":"2025-06-02T08:44:25+00:00","dateModified":"2025-06-02T08:45:03+00:00","breadcrumb":{"@id":"https:\/\/diakonie-shg.de\/de-de\/wir-feiern-20jaehriges-jubilaeum-unseres-hospizdienstes\/#breadcrumb"},"inLanguage":"de-LE","potentialAction":[{"@type":"ReadAction","target":["https:\/\/diakonie-shg.de\/de-de\/wir-feiern-20jaehriges-jubilaeum-unseres-hospizdienstes\/"]}]},{"@type":"ImageObject","inLanguage":"de-LE","@id":"https:\/\/diakonie-shg.de\/de-de\/wir-feiern-20jaehriges-jubilaeum-unseres-hospizdienstes\/#primaryimage","url":"https:\/\/diakonie-shg.de\/wp-content\/uploads\/2025\/06\/IMG-20250325-WA0008.jpg","contentUrl":"https:\/\/diakonie-shg.de\/wp-content\/uploads\/2025\/06\/IMG-20250325-WA0008.jpg","width":2048,"height":1506,"caption":"hospizdienst"},{"@type":"BreadcrumbList","@id":"https:\/\/diakonie-shg.de\/de-de\/wir-feiern-20jaehriges-jubilaeum-unseres-hospizdienstes\/#breadcrumb","itemListElement":[{"@type":"ListItem","position":1,"name":"Startseite","item":"https:\/\/diakonie-shg.de\/de-de\/"},{"@type":"ListItem","position":2,"name":"Wir feiern 20j\u00e4hriges Jubil\u00e4um unseres Hospizdienstes"}]},{"@type":"WebSite","@id":"https:\/\/diakonie-shg.de\/de-de\/#website","url":"https:\/\/diakonie-shg.de\/de-de\/","name":"Diakonie Schaumburger Land gGmbH","description":"Zusammenschluss von vier diakonischen Schaumburger Pflegeeinrichtungen","publisher":{"@id":"https:\/\/diakonie-shg.de\/de-de\/#organization"},"potentialAction":[{"@type":"SearchAction","target":{"@type":"EntryPoint","urlTemplate":"https:\/\/diakonie-shg.de\/de-de\/?s={search_term_string}"},"query-input":{"@type":"PropertyValueSpecification","valueRequired":true,"valueName":"search_term_string"}}],"inLanguage":"de-LE"},{"@type":"Organization","@id":"https:\/\/diakonie-shg.de\/de-de\/#organization","name":"Diakonie Schaumburger Land gGmbH","url":"https:\/\/diakonie-shg.de\/de-de\/","logo":{"@type":"ImageObject","inLanguage":"de-LE","@id":"https:\/\/diakonie-shg.de\/de-de\/#\/schema\/logo\/image\/","url":"https:\/\/diakonie-shg.de\/wp-content\/uploads\/2024\/09\/20230105_Logo_Holding.svg","contentUrl":"https:\/\/diakonie-shg.de\/wp-content\/uploads\/2024\/09\/20230105_Logo_Holding.svg","width":"1024","height":"1024","caption":"Diakonie Schaumburger Land gGmbH"},"image":{"@id":"https:\/\/diakonie-shg.de\/de-de\/#\/schema\/logo\/image\/"}},{"@type":"Person","@id":"https:\/\/diakonie-shg.de\/de-de\/#\/schema\/person\/382c41f8d618f638c13f423d7bff72f1","name":"Janina Mazur"}]}},"_links":{"self":[{"href":"https:\/\/diakonie-shg.de\/de-de\/wp-json\/wp\/v2\/posts\/5667","targetHints":{"allow":["GET"]}}],"collection":[{"href":"https:\/\/diakonie-shg.de\/de-de\/wp-json\/wp\/v2\/posts"}],"about":[{"href":"https:\/\/diakonie-shg.de\/de-de\/wp-json\/wp\/v2\/types\/post"}],"author":[{"embeddable":true,"href":"https:\/\/diakonie-shg.de\/de-de\/wp-json\/wp\/v2\/users\/12"}],"replies":[{"embeddable":true,"href":"https:\/\/diakonie-shg.de\/de-de\/wp-json\/wp\/v2\/comments?post=5667"}],"version-history":[{"count":4,"href":"https:\/\/diakonie-shg.de\/de-de\/wp-json\/wp\/v2\/posts\/5667\/revisions"}],"predecessor-version":[{"id":5677,"href":"https:\/\/diakonie-shg.de\/de-de\/wp-json\/wp\/v2\/posts\/5667\/revisions\/5677"}],"wp:featuredmedia":[{"embeddable":true,"href":"https:\/\/diakonie-shg.de\/de-de\/wp-json\/wp\/v2\/media\/5668"}],"wp:attachment":[{"href":"https:\/\/diakonie-shg.de\/de-de\/wp-json\/wp\/v2\/media?parent=5667"}],"wp:term":[{"taxonomy":"category","embeddable":true,"href":"https:\/\/diakonie-shg.de\/de-de\/wp-json\/wp\/v2\/categories?post=5667"},{"taxonomy":"post_tag","embeddable":true,"href":"https:\/\/diakonie-shg.de\/de-de\/wp-json\/wp\/v2\/tags?post=5667"}],"curies":[{"name":"wp","href":"https:\/\/api.w.org\/{rel}","templated":true}]}}