{"id":5616,"date":"2025-05-23T10:24:45","date_gmt":"2025-05-23T09:24:45","guid":{"rendered":"https:\/\/diakonie-shg.de\/?p=5616"},"modified":"2025-05-23T10:28:42","modified_gmt":"2025-05-23T09:28:42","slug":"tag-der-pflege-gemeinsamer-fest-fuer-die-mitarbeitenden-im-dpd","status":"publish","type":"post","link":"https:\/\/diakonie-shg.de\/de-de\/tag-der-pflege-gemeinsamer-fest-fuer-die-mitarbeitenden-im-dpd\/","title":{"rendered":"Tag der Pflege &#8211; Gemeinsames Fest f\u00fcr die Mitarbeitenden im DPD"},"content":{"rendered":"\n<p>Zum &#8220;Tag der Pflege&#8221; fand am Freitag das Mitarbeiterfest der Diakonie-Pflegedienst Schaumburg gGmbH statt.<\/p>\n\n\n\n<p>Hierf\u00fcr wurde uns netterweise das Gemeindehaus der Kirchengemeinde Meerbeck zur Verf\u00fcgung gestellt. Pastorin Stoffels-Gr\u00f6hl leitete den Abend mit einer Andacht ein.<\/p>\n\n\n\n<p>Bei k\u00fchlen Getr\u00e4nken, leckerem Essen und Musik von DJ Tony sind alle auf ihre Kosten gekommen. Und das ein oder andere Tanzbein wurde auch geschwungen.<\/p>\n\n\n\n<figure class=\"wp-block-gallery has-nested-images columns-default is-cropped wp-block-gallery-1 is-layout-flex wp-block-gallery-is-layout-flex\">\n<figure class=\"wp-block-image size-large\"><img loading=\"lazy\" decoding=\"async\" width=\"771\" height=\"1024\" data-id=\"5619\" src=\"https:\/\/diakonie-shg.de\/wp-content\/uploads\/2025\/05\/DPD-Feier-1-771x1024.jpg\" alt=\"\" class=\"wp-image-5619\" srcset=\"https:\/\/diakonie-shg.de\/wp-content\/uploads\/2025\/05\/DPD-Feier-1-771x1024.jpg 771w, https:\/\/diakonie-shg.de\/wp-content\/uploads\/2025\/05\/DPD-Feier-1-301x400.jpg 301w, https:\/\/diakonie-shg.de\/wp-content\/uploads\/2025\/05\/DPD-Feier-1-768x1021.jpg 768w, https:\/\/diakonie-shg.de\/wp-content\/uploads\/2025\/05\/DPD-Feier-1-1156x1536.jpg 1156w, https:\/\/diakonie-shg.de\/wp-content\/uploads\/2025\/05\/DPD-Feier-1.jpg 1204w\" sizes=\"auto, (max-width: 771px) 100vw, 771px\" \/><\/figure>\n\n\n\n<figure class=\"wp-block-image size-large\"><img loading=\"lazy\" decoding=\"async\" width=\"1024\" height=\"771\" data-id=\"5623\" src=\"https:\/\/diakonie-shg.de\/wp-content\/uploads\/2025\/05\/Deko-DPD-Feier-1024x771.jpg\" alt=\"\" class=\"wp-image-5623\" srcset=\"https:\/\/diakonie-shg.de\/wp-content\/uploads\/2025\/05\/Deko-DPD-Feier-1024x771.jpg 1024w, https:\/\/diakonie-shg.de\/wp-content\/uploads\/2025\/05\/Deko-DPD-Feier-400x301.jpg 400w, https:\/\/diakonie-shg.de\/wp-content\/uploads\/2025\/05\/Deko-DPD-Feier-768x578.jpg 768w, https:\/\/diakonie-shg.de\/wp-content\/uploads\/2025\/05\/Deko-DPD-Feier-1536x1157.jpg 1536w, https:\/\/diakonie-shg.de\/wp-content\/uploads\/2025\/05\/Deko-DPD-Feier.jpg 1920w\" sizes=\"auto, (max-width: 1024px) 100vw, 1024px\" \/><\/figure>\n\n\n\n<figure class=\"wp-block-image size-large\"><img loading=\"lazy\" decoding=\"async\" width=\"768\" height=\"1024\" data-id=\"5625\" src=\"https:\/\/diakonie-shg.de\/wp-content\/uploads\/2025\/05\/DJ-DPD-Feier-768x1024.jpg\" alt=\"\" class=\"wp-image-5625\" srcset=\"https:\/\/diakonie-shg.de\/wp-content\/uploads\/2025\/05\/DJ-DPD-Feier-768x1024.jpg 768w, https:\/\/diakonie-shg.de\/wp-content\/uploads\/2025\/05\/DJ-DPD-Feier-300x400.jpg 300w, https:\/\/diakonie-shg.de\/wp-content\/uploads\/2025\/05\/DJ-DPD-Feier-1152x1536.jpg 1152w, https:\/\/diakonie-shg.de\/wp-content\/uploads\/2025\/05\/DJ-DPD-Feier-600x800.jpg 600w, https:\/\/diakonie-shg.de\/wp-content\/uploads\/2025\/05\/DJ-DPD-Feier.jpg 1440w\" sizes=\"auto, (max-width: 768px) 100vw, 768px\" \/><\/figure>\n\n\n\n<figure class=\"wp-block-image size-large\"><img loading=\"lazy\" decoding=\"async\" width=\"1024\" height=\"906\" data-id=\"5621\" src=\"https:\/\/diakonie-shg.de\/wp-content\/uploads\/2025\/05\/Essen-1024x906.jpg\" alt=\"\" class=\"wp-image-5621\" srcset=\"https:\/\/diakonie-shg.de\/wp-content\/uploads\/2025\/05\/Essen-1024x906.jpg 1024w, https:\/\/diakonie-shg.de\/wp-content\/uploads\/2025\/05\/Essen-400x354.jpg 400w, https:\/\/diakonie-shg.de\/wp-content\/uploads\/2025\/05\/Essen-768x680.jpg 768w, https:\/\/diakonie-shg.de\/wp-content\/uploads\/2025\/05\/Essen-1536x1360.jpg 1536w, https:\/\/diakonie-shg.de\/wp-content\/uploads\/2025\/05\/Essen.jpg 1915w\" sizes=\"auto, (max-width: 1024px) 100vw, 1024px\" \/><\/figure>\n<\/figure>\n","protected":false},"excerpt":{"rendered":"<p>Zum &#8220;Tag der Pflege&#8221; fand am Freitag das Mitarbeiterfest der Diakonie-Pflegedienst Schaumburg gGmbH statt. Hierf\u00fcr wurde uns netterweise das Gemeindehaus der Kirchengemeinde Meerbeck zur Verf\u00fcgung gestellt. Pastorin Stoffels-Gr\u00f6hl leitete den Abend mit einer Andacht ein. Bei k\u00fchlen Getr\u00e4nken, leckerem Essen und Musik von DJ Tony sind alle auf ihre Kosten gekommen. Und das ein oder [&hellip;]<\/p>\n","protected":false},"author":12,"featured_media":5617,"comment_status":"closed","ping_status":"open","sticky":false,"template":"","format":"standard","meta":{"give_campaign_id":0,"inline_featured_image":false,"footnotes":""},"categories":[67],"tags":[],"class_list":["post-5616","post","type-post","status-publish","format-standard","has-post-thumbnail","hentry","category-dpd"],"yoast_head":"<!-- This site is optimized with the Yoast SEO plugin v27.5 - https:\/\/yoast.com\/product\/yoast-seo-wordpress\/ -->\n<title>Tag der Pflege - Gemeinsames Fest f\u00fcr die Mitarbeitenden im DPD - Diakonie Schaumburger Land gGmbH<\/title>\n<meta name=\"robots\" content=\"index, follow, max-snippet:-1, max-image-preview:large, max-video-preview:-1\" \/>\n<link rel=\"canonical\" href=\"https:\/\/diakonie-shg.de\/de-de\/tag-der-pflege-gemeinsamer-fest-fuer-die-mitarbeitenden-im-dpd\/\" \/>\n<meta property=\"og:locale\" content=\"de_DE\" \/>\n<meta property=\"og:type\" content=\"article\" \/>\n<meta property=\"og:title\" content=\"Tag der Pflege - Gemeinsames Fest f\u00fcr die Mitarbeitenden im DPD - Diakonie Schaumburger Land gGmbH\" \/>\n<meta property=\"og:description\" content=\"Zum &#8220;Tag der Pflege&#8221; fand am Freitag das Mitarbeiterfest der Diakonie-Pflegedienst Schaumburg gGmbH statt. Hierf\u00fcr wurde uns netterweise das Gemeindehaus der Kirchengemeinde Meerbeck zur Verf\u00fcgung gestellt. Pastorin Stoffels-Gr\u00f6hl leitete den Abend mit einer Andacht ein. Bei k\u00fchlen Getr\u00e4nken, leckerem Essen und Musik von DJ Tony sind alle auf ihre Kosten gekommen. Und das ein oder [&hellip;]\" \/>\n<meta property=\"og:url\" content=\"https:\/\/diakonie-shg.de\/de-de\/tag-der-pflege-gemeinsamer-fest-fuer-die-mitarbeitenden-im-dpd\/\" \/>\n<meta property=\"og:site_name\" content=\"Diakonie Schaumburger Land gGmbH\" \/>\n<meta property=\"article:published_time\" content=\"2025-05-23T09:24:45+00:00\" \/>\n<meta property=\"article:modified_time\" content=\"2025-05-23T09:28:42+00:00\" \/>\n<meta property=\"og:image\" content=\"https:\/\/diakonie-shg.de\/wp-content\/uploads\/2025\/05\/Feier-e1747992398901.jpg\" \/>\n\t<meta property=\"og:image:width\" content=\"1446\" \/>\n\t<meta property=\"og:image:height\" content=\"1430\" \/>\n\t<meta property=\"og:image:type\" content=\"image\/jpeg\" \/>\n<meta name=\"author\" content=\"Janina Mazur\" \/>\n<meta name=\"twitter:card\" content=\"summary_large_image\" \/>\n<meta name=\"twitter:label1\" content=\"Written by\" \/>\n\t<meta name=\"twitter:data1\" content=\"Janina Mazur\" \/>\n\t<meta name=\"twitter:label2\" content=\"Est. reading time\" \/>\n\t<meta name=\"twitter:data2\" content=\"2 minutes\" \/>\n<script type=\"application\/ld+json\" class=\"yoast-schema-graph\">{\"@context\":\"https:\\\/\\\/schema.org\",\"@graph\":[{\"@type\":\"Article\",\"@id\":\"https:\\\/\\\/diakonie-shg.de\\\/de-de\\\/tag-der-pflege-gemeinsamer-fest-fuer-die-mitarbeitenden-im-dpd\\\/#article\",\"isPartOf\":{\"@id\":\"https:\\\/\\\/diakonie-shg.de\\\/de-de\\\/tag-der-pflege-gemeinsamer-fest-fuer-die-mitarbeitenden-im-dpd\\\/\"},\"author\":{\"name\":\"Janina Mazur\",\"@id\":\"https:\\\/\\\/diakonie-shg.de\\\/de-de\\\/#\\\/schema\\\/person\\\/382c41f8d618f638c13f423d7bff72f1\"},\"headline\":\"Tag der Pflege &#8211; Gemeinsames Fest f\u00fcr die Mitarbeitenden im DPD\",\"datePublished\":\"2025-05-23T09:24:45+00:00\",\"dateModified\":\"2025-05-23T09:28:42+00:00\",\"mainEntityOfPage\":{\"@id\":\"https:\\\/\\\/diakonie-shg.de\\\/de-de\\\/tag-der-pflege-gemeinsamer-fest-fuer-die-mitarbeitenden-im-dpd\\\/\"},\"wordCount\":77,\"publisher\":{\"@id\":\"https:\\\/\\\/diakonie-shg.de\\\/de-de\\\/#organization\"},\"image\":{\"@id\":\"https:\\\/\\\/diakonie-shg.de\\\/de-de\\\/tag-der-pflege-gemeinsamer-fest-fuer-die-mitarbeitenden-im-dpd\\\/#primaryimage\"},\"thumbnailUrl\":\"https:\\\/\\\/diakonie-shg.de\\\/wp-content\\\/uploads\\\/2025\\\/05\\\/Feier-e1747992398901.jpg\",\"articleSection\":[\"DPD\"],\"inLanguage\":\"de-LE\"},{\"@type\":\"WebPage\",\"@id\":\"https:\\\/\\\/diakonie-shg.de\\\/de-de\\\/tag-der-pflege-gemeinsamer-fest-fuer-die-mitarbeitenden-im-dpd\\\/\",\"url\":\"https:\\\/\\\/diakonie-shg.de\\\/de-de\\\/tag-der-pflege-gemeinsamer-fest-fuer-die-mitarbeitenden-im-dpd\\\/\",\"name\":\"Tag der Pflege - Gemeinsames Fest f\u00fcr die Mitarbeitenden im DPD - Diakonie Schaumburger Land gGmbH\",\"isPartOf\":{\"@id\":\"https:\\\/\\\/diakonie-shg.de\\\/de-de\\\/#website\"},\"primaryImageOfPage\":{\"@id\":\"https:\\\/\\\/diakonie-shg.de\\\/de-de\\\/tag-der-pflege-gemeinsamer-fest-fuer-die-mitarbeitenden-im-dpd\\\/#primaryimage\"},\"image\":{\"@id\":\"https:\\\/\\\/diakonie-shg.de\\\/de-de\\\/tag-der-pflege-gemeinsamer-fest-fuer-die-mitarbeitenden-im-dpd\\\/#primaryimage\"},\"thumbnailUrl\":\"https:\\\/\\\/diakonie-shg.de\\\/wp-content\\\/uploads\\\/2025\\\/05\\\/Feier-e1747992398901.jpg\",\"datePublished\":\"2025-05-23T09:24:45+00:00\",\"dateModified\":\"2025-05-23T09:28:42+00:00\",\"breadcrumb\":{\"@id\":\"https:\\\/\\\/diakonie-shg.de\\\/de-de\\\/tag-der-pflege-gemeinsamer-fest-fuer-die-mitarbeitenden-im-dpd\\\/#breadcrumb\"},\"inLanguage\":\"de-LE\",\"potentialAction\":[{\"@type\":\"ReadAction\",\"target\":[\"https:\\\/\\\/diakonie-shg.de\\\/de-de\\\/tag-der-pflege-gemeinsamer-fest-fuer-die-mitarbeitenden-im-dpd\\\/\"]}]},{\"@type\":\"ImageObject\",\"inLanguage\":\"de-LE\",\"@id\":\"https:\\\/\\\/diakonie-shg.de\\\/de-de\\\/tag-der-pflege-gemeinsamer-fest-fuer-die-mitarbeitenden-im-dpd\\\/#primaryimage\",\"url\":\"https:\\\/\\\/diakonie-shg.de\\\/wp-content\\\/uploads\\\/2025\\\/05\\\/Feier-e1747992398901.jpg\",\"contentUrl\":\"https:\\\/\\\/diakonie-shg.de\\\/wp-content\\\/uploads\\\/2025\\\/05\\\/Feier-e1747992398901.jpg\",\"width\":1446,\"height\":1430},{\"@type\":\"BreadcrumbList\",\"@id\":\"https:\\\/\\\/diakonie-shg.de\\\/de-de\\\/tag-der-pflege-gemeinsamer-fest-fuer-die-mitarbeitenden-im-dpd\\\/#breadcrumb\",\"itemListElement\":[{\"@type\":\"ListItem\",\"position\":1,\"name\":\"Startseite\",\"item\":\"https:\\\/\\\/diakonie-shg.de\\\/de-de\\\/\"},{\"@type\":\"ListItem\",\"position\":2,\"name\":\"Tag der Pflege &#8211; Gemeinsames Fest f\u00fcr die Mitarbeitenden im DPD\"}]},{\"@type\":\"WebSite\",\"@id\":\"https:\\\/\\\/diakonie-shg.de\\\/de-de\\\/#website\",\"url\":\"https:\\\/\\\/diakonie-shg.de\\\/de-de\\\/\",\"name\":\"Diakonie Schaumburger Land gGmbH\",\"description\":\"Zusammenschluss von vier diakonischen Schaumburger Pflegeeinrichtungen\",\"publisher\":{\"@id\":\"https:\\\/\\\/diakonie-shg.de\\\/de-de\\\/#organization\"},\"potentialAction\":[{\"@type\":\"SearchAction\",\"target\":{\"@type\":\"EntryPoint\",\"urlTemplate\":\"https:\\\/\\\/diakonie-shg.de\\\/de-de\\\/?s={search_term_string}\"},\"query-input\":{\"@type\":\"PropertyValueSpecification\",\"valueRequired\":true,\"valueName\":\"search_term_string\"}}],\"inLanguage\":\"de-LE\"},{\"@type\":\"Organization\",\"@id\":\"https:\\\/\\\/diakonie-shg.de\\\/de-de\\\/#organization\",\"name\":\"Diakonie Schaumburger Land gGmbH\",\"url\":\"https:\\\/\\\/diakonie-shg.de\\\/de-de\\\/\",\"logo\":{\"@type\":\"ImageObject\",\"inLanguage\":\"de-LE\",\"@id\":\"https:\\\/\\\/diakonie-shg.de\\\/de-de\\\/#\\\/schema\\\/logo\\\/image\\\/\",\"url\":\"https:\\\/\\\/diakonie-shg.de\\\/wp-content\\\/uploads\\\/2024\\\/09\\\/20230105_Logo_Holding.svg\",\"contentUrl\":\"https:\\\/\\\/diakonie-shg.de\\\/wp-content\\\/uploads\\\/2024\\\/09\\\/20230105_Logo_Holding.svg\",\"width\":\"1024\",\"height\":\"1024\",\"caption\":\"Diakonie Schaumburger Land gGmbH\"},\"image\":{\"@id\":\"https:\\\/\\\/diakonie-shg.de\\\/de-de\\\/#\\\/schema\\\/logo\\\/image\\\/\"}},{\"@type\":\"Person\",\"@id\":\"https:\\\/\\\/diakonie-shg.de\\\/de-de\\\/#\\\/schema\\\/person\\\/382c41f8d618f638c13f423d7bff72f1\",\"name\":\"Janina Mazur\"}]}<\/script>\n<!-- \/ Yoast SEO plugin. -->","yoast_head_json":{"title":"Tag der Pflege - Gemeinsames Fest f\u00fcr die Mitarbeitenden im DPD - Diakonie Schaumburger Land gGmbH","robots":{"index":"index","follow":"follow","max-snippet":"max-snippet:-1","max-image-preview":"max-image-preview:large","max-video-preview":"max-video-preview:-1"},"canonical":"https:\/\/diakonie-shg.de\/de-de\/tag-der-pflege-gemeinsamer-fest-fuer-die-mitarbeitenden-im-dpd\/","og_locale":"de_DE","og_type":"article","og_title":"Tag der Pflege - Gemeinsames Fest f\u00fcr die Mitarbeitenden im DPD - Diakonie Schaumburger Land gGmbH","og_description":"Zum &#8220;Tag der Pflege&#8221; fand am Freitag das Mitarbeiterfest der Diakonie-Pflegedienst Schaumburg gGmbH statt. Hierf\u00fcr wurde uns netterweise das Gemeindehaus der Kirchengemeinde Meerbeck zur Verf\u00fcgung gestellt. Pastorin Stoffels-Gr\u00f6hl leitete den Abend mit einer Andacht ein. Bei k\u00fchlen Getr\u00e4nken, leckerem Essen und Musik von DJ Tony sind alle auf ihre Kosten gekommen. Und das ein oder [&hellip;]","og_url":"https:\/\/diakonie-shg.de\/de-de\/tag-der-pflege-gemeinsamer-fest-fuer-die-mitarbeitenden-im-dpd\/","og_site_name":"Diakonie Schaumburger Land gGmbH","article_published_time":"2025-05-23T09:24:45+00:00","article_modified_time":"2025-05-23T09:28:42+00:00","og_image":[{"width":1446,"height":1430,"url":"https:\/\/diakonie-shg.de\/wp-content\/uploads\/2025\/05\/Feier-e1747992398901.jpg","type":"image\/jpeg"}],"author":"Janina Mazur","twitter_card":"summary_large_image","twitter_misc":{"Written by":"Janina Mazur","Est. reading time":"2 minutes"},"schema":{"@context":"https:\/\/schema.org","@graph":[{"@type":"Article","@id":"https:\/\/diakonie-shg.de\/de-de\/tag-der-pflege-gemeinsamer-fest-fuer-die-mitarbeitenden-im-dpd\/#article","isPartOf":{"@id":"https:\/\/diakonie-shg.de\/de-de\/tag-der-pflege-gemeinsamer-fest-fuer-die-mitarbeitenden-im-dpd\/"},"author":{"name":"Janina Mazur","@id":"https:\/\/diakonie-shg.de\/de-de\/#\/schema\/person\/382c41f8d618f638c13f423d7bff72f1"},"headline":"Tag der Pflege &#8211; Gemeinsames Fest f\u00fcr die Mitarbeitenden im DPD","datePublished":"2025-05-23T09:24:45+00:00","dateModified":"2025-05-23T09:28:42+00:00","mainEntityOfPage":{"@id":"https:\/\/diakonie-shg.de\/de-de\/tag-der-pflege-gemeinsamer-fest-fuer-die-mitarbeitenden-im-dpd\/"},"wordCount":77,"publisher":{"@id":"https:\/\/diakonie-shg.de\/de-de\/#organization"},"image":{"@id":"https:\/\/diakonie-shg.de\/de-de\/tag-der-pflege-gemeinsamer-fest-fuer-die-mitarbeitenden-im-dpd\/#primaryimage"},"thumbnailUrl":"https:\/\/diakonie-shg.de\/wp-content\/uploads\/2025\/05\/Feier-e1747992398901.jpg","articleSection":["DPD"],"inLanguage":"de-LE"},{"@type":"WebPage","@id":"https:\/\/diakonie-shg.de\/de-de\/tag-der-pflege-gemeinsamer-fest-fuer-die-mitarbeitenden-im-dpd\/","url":"https:\/\/diakonie-shg.de\/de-de\/tag-der-pflege-gemeinsamer-fest-fuer-die-mitarbeitenden-im-dpd\/","name":"Tag der Pflege - Gemeinsames Fest f\u00fcr die Mitarbeitenden im DPD - Diakonie Schaumburger Land gGmbH","isPartOf":{"@id":"https:\/\/diakonie-shg.de\/de-de\/#website"},"primaryImageOfPage":{"@id":"https:\/\/diakonie-shg.de\/de-de\/tag-der-pflege-gemeinsamer-fest-fuer-die-mitarbeitenden-im-dpd\/#primaryimage"},"image":{"@id":"https:\/\/diakonie-shg.de\/de-de\/tag-der-pflege-gemeinsamer-fest-fuer-die-mitarbeitenden-im-dpd\/#primaryimage"},"thumbnailUrl":"https:\/\/diakonie-shg.de\/wp-content\/uploads\/2025\/05\/Feier-e1747992398901.jpg","datePublished":"2025-05-23T09:24:45+00:00","dateModified":"2025-05-23T09:28:42+00:00","breadcrumb":{"@id":"https:\/\/diakonie-shg.de\/de-de\/tag-der-pflege-gemeinsamer-fest-fuer-die-mitarbeitenden-im-dpd\/#breadcrumb"},"inLanguage":"de-LE","potentialAction":[{"@type":"ReadAction","target":["https:\/\/diakonie-shg.de\/de-de\/tag-der-pflege-gemeinsamer-fest-fuer-die-mitarbeitenden-im-dpd\/"]}]},{"@type":"ImageObject","inLanguage":"de-LE","@id":"https:\/\/diakonie-shg.de\/de-de\/tag-der-pflege-gemeinsamer-fest-fuer-die-mitarbeitenden-im-dpd\/#primaryimage","url":"https:\/\/diakonie-shg.de\/wp-content\/uploads\/2025\/05\/Feier-e1747992398901.jpg","contentUrl":"https:\/\/diakonie-shg.de\/wp-content\/uploads\/2025\/05\/Feier-e1747992398901.jpg","width":1446,"height":1430},{"@type":"BreadcrumbList","@id":"https:\/\/diakonie-shg.de\/de-de\/tag-der-pflege-gemeinsamer-fest-fuer-die-mitarbeitenden-im-dpd\/#breadcrumb","itemListElement":[{"@type":"ListItem","position":1,"name":"Startseite","item":"https:\/\/diakonie-shg.de\/de-de\/"},{"@type":"ListItem","position":2,"name":"Tag der Pflege &#8211; Gemeinsames Fest f\u00fcr die Mitarbeitenden im DPD"}]},{"@type":"WebSite","@id":"https:\/\/diakonie-shg.de\/de-de\/#website","url":"https:\/\/diakonie-shg.de\/de-de\/","name":"Diakonie Schaumburger Land gGmbH","description":"Zusammenschluss von vier diakonischen Schaumburger Pflegeeinrichtungen","publisher":{"@id":"https:\/\/diakonie-shg.de\/de-de\/#organization"},"potentialAction":[{"@type":"SearchAction","target":{"@type":"EntryPoint","urlTemplate":"https:\/\/diakonie-shg.de\/de-de\/?s={search_term_string}"},"query-input":{"@type":"PropertyValueSpecification","valueRequired":true,"valueName":"search_term_string"}}],"inLanguage":"de-LE"},{"@type":"Organization","@id":"https:\/\/diakonie-shg.de\/de-de\/#organization","name":"Diakonie Schaumburger Land gGmbH","url":"https:\/\/diakonie-shg.de\/de-de\/","logo":{"@type":"ImageObject","inLanguage":"de-LE","@id":"https:\/\/diakonie-shg.de\/de-de\/#\/schema\/logo\/image\/","url":"https:\/\/diakonie-shg.de\/wp-content\/uploads\/2024\/09\/20230105_Logo_Holding.svg","contentUrl":"https:\/\/diakonie-shg.de\/wp-content\/uploads\/2024\/09\/20230105_Logo_Holding.svg","width":"1024","height":"1024","caption":"Diakonie Schaumburger Land gGmbH"},"image":{"@id":"https:\/\/diakonie-shg.de\/de-de\/#\/schema\/logo\/image\/"}},{"@type":"Person","@id":"https:\/\/diakonie-shg.de\/de-de\/#\/schema\/person\/382c41f8d618f638c13f423d7bff72f1","name":"Janina Mazur"}]}},"_links":{"self":[{"href":"https:\/\/diakonie-shg.de\/de-de\/wp-json\/wp\/v2\/posts\/5616","targetHints":{"allow":["GET"]}}],"collection":[{"href":"https:\/\/diakonie-shg.de\/de-de\/wp-json\/wp\/v2\/posts"}],"about":[{"href":"https:\/\/diakonie-shg.de\/de-de\/wp-json\/wp\/v2\/types\/post"}],"author":[{"embeddable":true,"href":"https:\/\/diakonie-shg.de\/de-de\/wp-json\/wp\/v2\/users\/12"}],"replies":[{"embeddable":true,"href":"https:\/\/diakonie-shg.de\/de-de\/wp-json\/wp\/v2\/comments?post=5616"}],"version-history":[{"count":4,"href":"https:\/\/diakonie-shg.de\/de-de\/wp-json\/wp\/v2\/posts\/5616\/revisions"}],"predecessor-version":[{"id":5632,"href":"https:\/\/diakonie-shg.de\/de-de\/wp-json\/wp\/v2\/posts\/5616\/revisions\/5632"}],"wp:featuredmedia":[{"embeddable":true,"href":"https:\/\/diakonie-shg.de\/de-de\/wp-json\/wp\/v2\/media\/5617"}],"wp:attachment":[{"href":"https:\/\/diakonie-shg.de\/de-de\/wp-json\/wp\/v2\/media?parent=5616"}],"wp:term":[{"taxonomy":"category","embeddable":true,"href":"https:\/\/diakonie-shg.de\/de-de\/wp-json\/wp\/v2\/categories?post=5616"},{"taxonomy":"post_tag","embeddable":true,"href":"https:\/\/diakonie-shg.de\/de-de\/wp-json\/wp\/v2\/tags?post=5616"}],"curies":[{"name":"wp","href":"https:\/\/api.w.org\/{rel}","templated":true}]}}